{"id":1690,"date":"2025-10-02T08:08:49","date_gmt":"2025-10-02T06:08:49","guid":{"rendered":"https:\/\/proyectoespanol.blog\/?p=1690"},"modified":"2025-11-10T11:10:37","modified_gmt":"2025-11-10T10:10:37","slug":"erasmus-en-espagne","status":"publish","type":"post","link":"https:\/\/proyectoespanol.blog\/fr\/erasmus-en-espagne\/","title":{"rendered":"Erasmus en Espagne"},"content":{"rendered":"\t\t<div data-elementor-type=\"wp-post\" data-elementor-id=\"1690\" class=\"elementor elementor-1690 elementor-1688\" data-elementor-post-type=\"post\">\n\t\t\t\t<div class=\"elementor-element elementor-element-4f677f7 e-flex e-con-boxed e-con e-parent\" data-id=\"4f677f7\" data-element_type=\"container\">\n\t\t\t\t\t<div class=\"e-con-inner\">\n\t\t\t\t<div class=\"elementor-element elementor-element-cdd627f elementor-widget elementor-widget-text-editor\" data-id=\"cdd627f\" data-element_type=\"widget\" data-widget_type=\"text-editor.default\">\n\t\t\t\t<div class=\"elementor-widget-container\">\n\t\t\t\t\t\t\t\t\t<p>L&rsquo;Espagne est l&rsquo;un des paradis pour les \u00e9tudiants qui postulent au <b> programme Erasmus<\/b>. Chaque ann\u00e9e, des milliers de personnes quittent leur foyer pour se lancer dans une petite aventure dans ce pays. Non seulement pour l&rsquo;excellente offre de formation qu&rsquo;il propose, mais aussi pour profiter de sa culture, de son climat et de ses habitants. En effet, le mode de vie espagnol est unique en Europe.    <\/p><p>Au Proyecto Espa\u00f1ol, nous accueillons des centaines d&rsquo;\u00e9tudiants Erasmus qui souhaitent <b><a href=\"https:\/\/proyectoespanol.com\/fr\" target=\"_blank\" rel=\"noopener\">apprendre l&rsquo;espagnol en Espagne<\/a><\/b> et continuer \u00e0 am\u00e9liorer et \u00e0 ma\u00eetriser la deuxi\u00e8me langue la plus parl\u00e9e au monde. Notre objectif est de les accompagner dans cette aventure en leur proposant des cours d&rsquo;espagnol adapt\u00e9s \u00e0 leurs besoins, afin qu&rsquo;ils puissent s&rsquo;int\u00e9grer en toute confiance dans la vie universitaire et sociale du pays. <\/p>\t\t\t\t\t\t\t\t<\/div>\n\t\t\t\t<\/div>\n\t\t\t\t<div class=\"elementor-element elementor-element-8b67ca0 elementor-widget elementor-widget-heading\" data-id=\"8b67ca0\" data-element_type=\"widget\" data-widget_type=\"heading.default\">\n\t\t\t\t<div class=\"elementor-widget-container\">\n\t\t\t\t\t<h2 class=\"elementor-heading-title elementor-size-default\">Pourquoi l'Espagne est-elle l'une des destinations Erasmus les plus populaires d'Europe ?<\/h2>\t\t\t\t<\/div>\n\t\t\t\t<\/div>\n\t\t\t\t<div class=\"elementor-element elementor-element-db5c31b elementor-widget elementor-widget-text-editor\" data-id=\"db5c31b\" data-element_type=\"widget\" data-widget_type=\"text-editor.default\">\n\t\t\t\t<div class=\"elementor-widget-container\">\n\t\t\t\t\t\t\t\t\t<p>Depuis des ann\u00e9es, l&rsquo;Espagne arrive en t\u00eate du classement des pays les plus pris\u00e9s par les \u00e9tudiants Erasmus, et ce n&rsquo;est pas un hasard. La combinaison du climat, de la culture et de la qualit\u00e9 de l&rsquo;enseignement en fait une destination difficile \u00e0 \u00e9galer. <\/p>\t\t\t\t\t\t\t\t<\/div>\n\t\t\t\t<\/div>\n\t\t\t\t<div class=\"elementor-element elementor-element-493c0e8 elementor-widget elementor-widget-heading\" data-id=\"493c0e8\" data-element_type=\"widget\" data-widget_type=\"heading.default\">\n\t\t\t\t<div class=\"elementor-widget-container\">\n\t\t\t\t\t<h3 class=\"elementor-heading-title elementor-size-default\">Plus de 80 000 \u00e9tudiants Erasmus choisissent l'Espagne chaque ann\u00e9e<\/h3>\t\t\t\t<\/div>\n\t\t\t\t<\/div>\n\t\t\t\t<div class=\"elementor-element elementor-element-8df96f2 elementor-widget elementor-widget-text-editor\" data-id=\"8df96f2\" data-element_type=\"widget\" data-widget_type=\"text-editor.default\">\n\t\t\t\t<div class=\"elementor-widget-container\">\n\t\t\t\t\t\t\t\t\t<p>Selon les donn\u00e9es de la <b>Commission europ\u00e9enne<\/b>, l&rsquo;Espagne accueille plus de 80 000 \u00e9tudiants Erasmus chaque ann\u00e9e universitaire, ce qui en fait le pays le plus populaire du programme.<\/p>\t\t\t\t\t\t\t\t<\/div>\n\t\t\t\t<\/div>\n\t\t\t\t<div class=\"elementor-element elementor-element-a5686f4 elementor-widget elementor-widget-heading\" data-id=\"a5686f4\" data-element_type=\"widget\" data-widget_type=\"heading.default\">\n\t\t\t\t<div class=\"elementor-widget-container\">\n\t\t\t\t\t<h3 class=\"elementor-heading-title elementor-size-default\">Climat agr\u00e9able, style de vie et villes universitaires dynamiques<\/h3>\t\t\t\t<\/div>\n\t\t\t\t<\/div>\n\t\t\t\t<div class=\"elementor-element elementor-element-a09b192 elementor-widget elementor-widget-text-editor\" data-id=\"a09b192\" data-element_type=\"widget\" data-widget_type=\"text-editor.default\">\n\t\t\t\t<div class=\"elementor-widget-container\">\n\t\t\t\t\t\t\t\t\t<p>Le soleil, les plages et les villes anim\u00e9es font de l&rsquo;exp\u00e9rience Erasmus en Espagne bien plus qu&rsquo;un simple s\u00e9jour d&rsquo;\u00e9tudes. Des villes comme Madrid, Barcelone, Grenade ou Alicante offrent une vie \u00e9tudiante active et multiculturelle. <\/p>\t\t\t\t\t\t\t\t<\/div>\n\t\t\t\t<\/div>\n\t\t\t\t<div class=\"elementor-element elementor-element-765f352 elementor-widget elementor-widget-heading\" data-id=\"765f352\" data-element_type=\"widget\" data-widget_type=\"heading.default\">\n\t\t\t\t<div class=\"elementor-widget-container\">\n\t\t\t\t\t<h3 class=\"elementor-heading-title elementor-size-default\">Affordable cost of living<\/h3>\t\t\t\t<\/div>\n\t\t\t\t<\/div>\n\t\t\t\t<div class=\"elementor-element elementor-element-98fcec3 elementor-widget elementor-widget-text-editor\" data-id=\"98fcec3\" data-element_type=\"widget\" data-widget_type=\"text-editor.default\">\n\t\t\t\t<div class=\"elementor-widget-container\">\n\t\t\t\t\t\t\t\t\t<p>Although it depends on the city, Spain is generally <b>more affordable than other European countries<\/b> in terms of accommodation, transportation, and food, making it an attractive option for students.<\/p>\t\t\t\t\t\t\t\t<\/div>\n\t\t\t\t<\/div>\n\t\t\t\t<div class=\"elementor-element elementor-element-dec7570 elementor-widget elementor-widget-heading\" data-id=\"dec7570\" data-element_type=\"widget\" data-widget_type=\"heading.default\">\n\t\t\t\t<div class=\"elementor-widget-container\">\n\t\t\t\t\t<h3 class=\"elementor-heading-title elementor-size-default\">Welcoming local culture<\/h3>\t\t\t\t<\/div>\n\t\t\t\t<\/div>\n\t\t\t\t<div class=\"elementor-element elementor-element-fe2b59d elementor-widget elementor-widget-text-editor\" data-id=\"fe2b59d\" data-element_type=\"widget\" data-widget_type=\"text-editor.default\">\n\t\t\t\t<div class=\"elementor-widget-container\">\n\t\t\t\t\t\t\t\t\t<p><b>Spanish hospitality<\/b> is a key factor: the warmth and friendliness make Erasmus students feel at home from day one.<\/p>\t\t\t\t\t\t\t\t<\/div>\n\t\t\t\t<\/div>\n\t\t\t\t<div class=\"elementor-element elementor-element-f2d0ec0 elementor-widget elementor-widget-heading\" data-id=\"f2d0ec0\" data-element_type=\"widget\" data-widget_type=\"heading.default\">\n\t\t\t\t<div class=\"elementor-widget-container\">\n\t\t\t\t\t<h2 class=\"elementor-heading-title elementor-size-default\">Challenges faced by Erasmus students upon arrival in Spain<\/h2>\t\t\t\t<\/div>\n\t\t\t\t<\/div>\n\t\t\t\t<div class=\"elementor-element elementor-element-11c4912 elementor-widget elementor-widget-text-editor\" data-id=\"11c4912\" data-element_type=\"widget\" data-widget_type=\"text-editor.default\">\n\t\t\t\t<div class=\"elementor-widget-container\">\n\t\t\t\t\t\t\t\t\t<p data-start=\"2230\" data-end=\"2530\">Cependant, lorsqu&rsquo;ils suivent des <a href=\"https:\/\/proyectoespanol.com\/fr\/cours-despagnol-a-alicante\/\" target=\"_blank\" rel=\"noopener\">cours <strong>d&rsquo;espagnol <\/strong> \u00e0 Alicante<\/a> ou dans toute autre ville, les \u00e9tudiants Erasmus sont souvent confront\u00e9s \u00e0 certains d\u00e9fis :<\/p>\t\t\t\t\t\t\t\t<\/div>\n\t\t\t\t<\/div>\n\t\t\t\t<div class=\"elementor-element elementor-element-fdd5ade elementor-widget elementor-widget-heading\" data-id=\"fdd5ade\" data-element_type=\"widget\" data-widget_type=\"heading.default\">\n\t\t\t\t<div class=\"elementor-widget-container\">\n\t\t\t\t\t<h3 class=\"elementor-heading-title elementor-size-default\">Les barri\u00e8res linguistiques \u00e0 l'int\u00e9rieur et \u00e0 l'ext\u00e9rieur de la salle de classe<\/h3>\t\t\t\t<\/div>\n\t\t\t\t<\/div>\n\t\t\t\t<div class=\"elementor-element elementor-element-ad45f55 elementor-widget elementor-widget-text-editor\" data-id=\"ad45f55\" data-element_type=\"widget\" data-widget_type=\"text-editor.default\">\n\t\t\t\t<div class=\"elementor-widget-container\">\n\t\t\t\t\t\t\t\t\t<p data-start=\"2230\" data-end=\"2530\">L&rsquo;un des principaux d\u00e9fis auxquels sont confront\u00e9s les \u00e9tudiants Erasmus d\u00e8s leur arriv\u00e9e en Espagne est la langue. S&rsquo;ils ne ma\u00eetrisent pas bien l&rsquo;espagnol, leurs premiers jours peuvent \u00eatre un peu difficiles jusqu&rsquo;\u00e0 ce qu&rsquo;ils s&rsquo;adaptent et parviennent \u00e0 surmonter les barri\u00e8res linguistiques.  <\/p>\t\t\t\t\t\t\t\t<\/div>\n\t\t\t\t<\/div>\n\t\t\t\t<div class=\"elementor-element elementor-element-030d77e elementor-widget elementor-widget-heading\" data-id=\"030d77e\" data-element_type=\"widget\" data-widget_type=\"heading.default\">\n\t\t\t\t<div class=\"elementor-widget-container\">\n\t\t\t\t\t<h3 class=\"elementor-heading-title elementor-size-default\">S'adapter \u00e0 la vie universitaire et sociale espagnole<\/h3>\t\t\t\t<\/div>\n\t\t\t\t<\/div>\n\t\t\t\t<div class=\"elementor-element elementor-element-f2665a9 elementor-widget elementor-widget-text-editor\" data-id=\"f2665a9\" data-element_type=\"widget\" data-widget_type=\"text-editor.default\">\n\t\t\t\t<div class=\"elementor-widget-container\">\n\t\t\t\t\t\t\t\t\t<p data-start=\"2230\" data-end=\"2530\">S&rsquo;adapter \u00e0 la vie universitaire et sociale espagnole  <\/p>\t\t\t\t\t\t\t\t<\/div>\n\t\t\t\t<\/div>\n\t\t\t\t<div class=\"elementor-element elementor-element-1027eec elementor-widget elementor-widget-heading\" data-id=\"1027eec\" data-element_type=\"widget\" data-widget_type=\"heading.default\">\n\t\t\t\t<div class=\"elementor-widget-container\">\n\t\t\t\t\t<h3 class=\"elementor-heading-title elementor-size-default\">Se faire des amis locaux et se sentir vraiment int\u00e9gr\u00e9<\/h3>\t\t\t\t<\/div>\n\t\t\t\t<\/div>\n\t\t\t\t<div class=\"elementor-element elementor-element-d7a3e08 elementor-widget elementor-widget-text-editor\" data-id=\"d7a3e08\" data-element_type=\"widget\" data-widget_type=\"text-editor.default\">\n\t\t\t\t<div class=\"elementor-widget-container\">\n\t\t\t\t\t\t\t\t\t<p data-start=\"2230\" data-end=\"2530\">M\u00eame s&rsquo;il est facile de nouer des liens avec d&rsquo;autres \u00e9tudiants Erasmus, il est parfois plus difficile de se lier d&rsquo;amiti\u00e9 avec des Espagnols. C&rsquo;est l\u00e0 que la langue et l&rsquo;immersion culturelle jouent un r\u00f4le cl\u00e9. <\/p>\t\t\t\t\t\t\t\t<\/div>\n\t\t\t\t<\/div>\n\t\t\t\t<div class=\"elementor-element elementor-element-b71ad7d elementor-widget elementor-widget-heading\" data-id=\"b71ad7d\" data-element_type=\"widget\" data-widget_type=\"heading.default\">\n\t\t\t\t<div class=\"elementor-widget-container\">\n\t\t\t\t\t<h2 class=\"elementor-heading-title elementor-size-default\">Conseils pour profiter au maximum de ton Erasmus en Espagne<\/h2>\t\t\t\t<\/div>\n\t\t\t\t<\/div>\n\t\t\t\t<div class=\"elementor-element elementor-element-dfd20ac elementor-widget elementor-widget-text-editor\" data-id=\"dfd20ac\" data-element_type=\"widget\" data-widget_type=\"text-editor.default\">\n\t\t\t\t<div class=\"elementor-widget-container\">\n\t\t\t\t\t\t\t\t\t<p>Cependant, voici quelques conseils pour profiter au maximum de ton exp\u00e9rience Erasmus en Espagne et rendre cette aventure encore plus enrichissante. <\/p>\t\t\t\t\t\t\t\t<\/div>\n\t\t\t\t<\/div>\n\t\t\t\t<div class=\"elementor-element elementor-element-056da30 elementor-widget elementor-widget-heading\" data-id=\"056da30\" data-element_type=\"widget\" data-widget_type=\"heading.default\">\n\t\t\t\t<div class=\"elementor-widget-container\">\n\t\t\t\t\t<h3 class=\"elementor-heading-title elementor-size-default\"> Inscrivez-vous \u00e0 un cours d'espagnol d\u00e8s votre arriv\u00e9e<\/h3>\t\t\t\t<\/div>\n\t\t\t\t<\/div>\n\t\t\t\t<div class=\"elementor-element elementor-element-973a21e elementor-widget elementor-widget-text-editor\" data-id=\"973a21e\" data-element_type=\"widget\" data-widget_type=\"text-editor.default\">\n\t\t\t\t<div class=\"elementor-widget-container\">\n\t\t\t\t\t\t\t\t\t<p>Pour surmonter toutes les barri\u00e8res linguistiques que vous rencontrerez en Espagne, le mieux est de suivre un cours d&rsquo;espagnol. Cette formation vous aidera \u00e0 <b> mieux vous int\u00e9grer et \u00e0 ma\u00eetriser<\/b> la langue d\u00e8s le d\u00e9but.  <\/p>\t\t\t\t\t\t\t\t<\/div>\n\t\t\t\t<\/div>\n\t\t\t\t<div class=\"elementor-element elementor-element-fb66497 elementor-widget elementor-widget-heading\" data-id=\"fb66497\" data-element_type=\"widget\" data-widget_type=\"heading.default\">\n\t\t\t\t<div class=\"elementor-widget-container\">\n\t\t\t\t\t<h3 class=\"elementor-heading-title elementor-size-default\">Dites \u00ab oui \u00bb \u00e0 toutes les occasions de parler et de pratiquer<\/h3>\t\t\t\t<\/div>\n\t\t\t\t<\/div>\n\t\t\t\t<div class=\"elementor-element elementor-element-c504864 elementor-widget elementor-widget-text-editor\" data-id=\"c504864\" data-element_type=\"widget\" data-widget_type=\"text-editor.default\">\n\t\t\t\t<div class=\"elementor-widget-container\">\n\t\t\t\t\t\t\t\t\t<p>Ne laissez pas passer les occasions qui se pr\u00e9sentent \u00e0 vous pour pratiquer la langue. Dites \u00ab oui \u00bb \u00e0 toutes les propositions qui vous sont faites, qu&rsquo;il s&rsquo;agisse d&rsquo;aller prendre un caf\u00e9 ou de sortir boire un verre avec vos camarades de classe. Vous pratiquerez ainsi la langue en dehors des salles de classe.   <\/p>\t\t\t\t\t\t\t\t<\/div>\n\t\t\t\t<\/div>\n\t\t\t\t<div class=\"elementor-element elementor-element-ea2d644 elementor-widget elementor-widget-heading\" data-id=\"ea2d644\" data-element_type=\"widget\" data-widget_type=\"heading.default\">\n\t\t\t\t<div class=\"elementor-widget-container\">\n\t\t\t\t\t<h3 class=\"elementor-heading-title elementor-size-default\">Voyagez \u00e0 travers l'Espagne et d\u00e9couvrez diff\u00e9rents accents et cultures<\/h3>\t\t\t\t<\/div>\n\t\t\t\t<\/div>\n\t\t\t\t<div class=\"elementor-element elementor-element-98e0126 elementor-widget elementor-widget-text-editor\" data-id=\"98e0126\" data-element_type=\"widget\" data-widget_type=\"text-editor.default\">\n\t\t\t\t<div class=\"elementor-widget-container\">\n\t\t\t\t\t\t\t\t\t<p>Mark Twain disait qu&rsquo;\u00ab <i>il faut voyager pour apprendre<\/i> \u00bb et quelle meilleure fa\u00e7on de ma\u00eetriser l&rsquo;espagnol que de parcourir le pays du nord au sud. D\u00e9couvrir les diff\u00e9rences entre toutes les communaut\u00e9s autonomes enrichit votre vision du pays et votre apprentissage de la langue. <\/p>\t\t\t\t\t\t\t\t<\/div>\n\t\t\t\t<\/div>\n\t\t\t\t<div class=\"elementor-element elementor-element-3b518e4 elementor-widget elementor-widget-heading\" data-id=\"3b518e4\" data-element_type=\"widget\" data-widget_type=\"heading.default\">\n\t\t\t\t<div class=\"elementor-widget-container\">\n\t\t\t\t\t<h3 class=\"elementor-heading-title elementor-size-default\">\u00c9crivez un journal ou un blog en espagnol pour suivre vos progr\u00e8s.<\/h3>\t\t\t\t<\/div>\n\t\t\t\t<\/div>\n\t\t\t\t<div class=\"elementor-element elementor-element-8e4cc04 elementor-widget elementor-widget-text-editor\" data-id=\"8e4cc04\" data-element_type=\"widget\" data-widget_type=\"text-editor.default\">\n\t\t\t\t<div class=\"elementor-widget-container\">\n\t\t\t\t\t\t\t\t\t<p>R\u00e9fl\u00e9chir et \u00e9crire sur votre quotidien en espagnol vous <b>permet non seulement d&rsquo;am\u00e9liorer votre grammaire et votre vocabulaire<\/b>, mais aussi de garder un souvenir de votre exp\u00e9rience.<\/p>\t\t\t\t\t\t\t\t<\/div>\n\t\t\t\t<\/div>\n\t\t\t\t<div class=\"elementor-element elementor-element-abcc2e0 elementor-widget elementor-widget-heading\" data-id=\"abcc2e0\" data-element_type=\"widget\" data-widget_type=\"heading.default\">\n\t\t\t\t<div class=\"elementor-widget-container\">\n\t\t\t\t\t<h2 class=\"elementor-heading-title elementor-size-default\">Pourquoi apprendre l'espagnol am\u00e9liore-t-il encore davantage ton exp\u00e9rience Erasmus ?<\/h2>\t\t\t\t<\/div>\n\t\t\t\t<\/div>\n\t\t\t\t<div class=\"elementor-element elementor-element-0406a1b elementor-widget elementor-widget-text-editor\" data-id=\"0406a1b\" data-element_type=\"widget\" data-widget_type=\"text-editor.default\">\n\t\t\t\t<div class=\"elementor-widget-container\">\n\t\t\t\t\t\t\t\t\t<p>Apprendre l&rsquo;espagnol vous ouvre de nombreuses portes dans le pays. La langue est essentielle pour vivre pleinement cette exp\u00e9rience.  <\/p>\t\t\t\t\t\t\t\t<\/div>\n\t\t\t\t<\/div>\n\t\t\t\t<div class=\"elementor-element elementor-element-2275cb0 elementor-widget elementor-widget-heading\" data-id=\"2275cb0\" data-element_type=\"widget\" data-widget_type=\"heading.default\">\n\t\t\t\t<div class=\"elementor-widget-container\">\n\t\t\t\t\t<h3 class=\"elementor-heading-title elementor-size-default\">Am\u00e9liorez vos r\u00e9sultats scolaires<\/h3>\t\t\t\t<\/div>\n\t\t\t\t<\/div>\n\t\t\t\t<div class=\"elementor-element elementor-element-0a84139 elementor-widget elementor-widget-text-editor\" data-id=\"0a84139\" data-element_type=\"widget\" data-widget_type=\"text-editor.default\">\n\t\t\t\t<div class=\"elementor-widget-container\">\n\t\t\t\t\t\t\t\t\t<p>Conna\u00eetre l&rsquo;espagnol vous aidera \u00e0 comprendre les professeurs, \u00e0 participer aux cours et \u00e0 pr\u00e9senter vos travaux. Avec un bon niveau de langue, votre quotidien en classe s&rsquo;am\u00e9liorera et vous pourrez mieux vous int\u00e9grer.  <\/p>\t\t\t\t\t\t\t\t<\/div>\n\t\t\t\t<\/div>\n\t\t\t\t<div class=\"elementor-element elementor-element-950ec0b elementor-widget elementor-widget-heading\" data-id=\"950ec0b\" data-element_type=\"widget\" data-widget_type=\"heading.default\">\n\t\t\t\t<div class=\"elementor-widget-container\">\n\t\t\t\t\t<h3 class=\"elementor-heading-title elementor-size-default\">Profitez pleinement de la vie quotidienne<\/h3>\t\t\t\t<\/div>\n\t\t\t\t<\/div>\n\t\t\t\t<div class=\"elementor-element elementor-element-cb94d09 elementor-widget elementor-widget-text-editor\" data-id=\"cb94d09\" data-element_type=\"widget\" data-widget_type=\"text-editor.default\">\n\t\t\t\t<div class=\"elementor-widget-container\">\n\t\t\t\t\t\t\t\t\t<p>Tu fais partie de ceux qui ont peur de ne pas faire de projets parce qu&rsquo;ils ne ma\u00eetrisent pas bien la langue ? Apprendre l&rsquo;espagnol multipliera les exp\u00e9riences que tu vivras pendant ton Erasmus, que ce soit pour faire du shopping ou sortir avec tes nouveaux amis.  <\/p>\t\t\t\t\t\t\t\t<\/div>\n\t\t\t\t<\/div>\n\t\t\t\t<div class=\"elementor-element elementor-element-0b52399 elementor-widget elementor-widget-heading\" data-id=\"0b52399\" data-element_type=\"widget\" data-widget_type=\"heading.default\">\n\t\t\t\t<div class=\"elementor-widget-container\">\n\t\t\t\t\t<h3 class=\"elementor-heading-title elementor-size-default\">\u00c9tablissez de v\u00e9ritables liens avec des habitants locaux et des amis internationaux.<\/h3>\t\t\t\t<\/div>\n\t\t\t\t<\/div>\n\t\t\t\t<div class=\"elementor-element elementor-element-5ebef0d elementor-widget elementor-widget-text-editor\" data-id=\"5ebef0d\" data-element_type=\"widget\" data-widget_type=\"text-editor.default\">\n\t\t\t\t<div class=\"elementor-widget-container\">\n\t\t\t\t\t\t\t\t\t<p>Les amis que l&rsquo;on se fait pendant l&rsquo;Erasmus sont pour la vie. Ce qui unit cette exp\u00e9rience est tr\u00e8s difficile \u00e0 s\u00e9parer. Ainsi, plus vous conna\u00eetrez l&rsquo;espagnol, plus vous garderez de contacts et plus vous vous ferez d&rsquo;amis.   <\/p>\t\t\t\t\t\t\t\t<\/div>\n\t\t\t\t<\/div>\n\t\t\t\t<div class=\"elementor-element elementor-element-8a9bfb4 elementor-widget elementor-widget-heading\" data-id=\"8a9bfb4\" data-element_type=\"widget\" data-widget_type=\"heading.default\">\n\t\t\t\t<div class=\"elementor-widget-container\">\n\t\t\t\t\t<h2 class=\"elementor-heading-title elementor-size-default\"> Cours d'espagnol pour \u00e9tudiants Erasmus chez Proyecto Espa\u00f1ol<\/h2>\t\t\t\t<\/div>\n\t\t\t\t<\/div>\n\t\t\t\t<div class=\"elementor-element elementor-element-2377183 elementor-widget elementor-widget-text-editor\" data-id=\"2377183\" data-element_type=\"widget\" data-widget_type=\"text-editor.default\">\n\t\t\t\t<div class=\"elementor-widget-container\">\n\t\t\t\t\t\t\t\t\t<p>Chez Proyecto Espa\u00f1ol, nous proposons une grande vari\u00e9t\u00e9 de cours d&rsquo;espagnol pour les \u00e9tudiants Erasmus, quel que soit leur niveau. <\/p>\t\t\t\t\t\t\t\t<\/div>\n\t\t\t\t<\/div>\n\t\t\t\t<div class=\"elementor-element elementor-element-c6be91e elementor-widget elementor-widget-heading\" data-id=\"c6be91e\" data-element_type=\"widget\" data-widget_type=\"heading.default\">\n\t\t\t\t<div class=\"elementor-widget-container\">\n\t\t\t\t\t<h3 class=\"elementor-heading-title elementor-size-default\">Des horaires flexibles qui s'adaptent \u00e0 ton emploi du temps universitaire<\/h3>\t\t\t\t<\/div>\n\t\t\t\t<\/div>\n\t\t\t\t<div class=\"elementor-element elementor-element-c09da00 elementor-widget elementor-widget-text-editor\" data-id=\"c09da00\" data-element_type=\"widget\" data-widget_type=\"text-editor.default\">\n\t\t\t\t<div class=\"elementor-widget-container\">\n\t\t\t\t\t\t\t\t\t<p>Nous comprenons l&#8217;emploi du temps d&rsquo;un \u00e9tudiant Erasmus et les cours qu&rsquo;il doit suivre. C&rsquo;est pourquoi nous proposons des options qui s&rsquo;adaptent \u00e0 sa vie universitaire. <\/p>\t\t\t\t\t\t\t\t<\/div>\n\t\t\t\t<\/div>\n\t\t\t\t<div class=\"elementor-element elementor-element-b99708e elementor-widget elementor-widget-heading\" data-id=\"b99708e\" data-element_type=\"widget\" data-widget_type=\"heading.default\">\n\t\t\t\t<div class=\"elementor-widget-container\">\n\t\t\t\t\t<h3 class=\"elementor-heading-title elementor-size-default\">Cours disponibles \u00e0 Alicante, Grenade, Madrid et Barcelone<\/h3>\t\t\t\t<\/div>\n\t\t\t\t<\/div>\n\t\t\t\t<div class=\"elementor-element elementor-element-001f2d3 elementor-widget elementor-widget-text-editor\" data-id=\"001f2d3\" data-element_type=\"widget\" data-widget_type=\"text-editor.default\">\n\t\t\t\t<div class=\"elementor-widget-container\">\n\t\t\t\t\t\t\t\t\t<p>Proyecto Espa\u00f1ol est pr\u00e9sent dans quatre des villes les plus importantes d&rsquo;Espagne : Alicante, Grenade, Madrid et Barcelone. Quatre lieux riches en histoire, en culture et en vie universitaire qui vous permettront d&rsquo;apprendre l&rsquo;espagnol \u00e0 l&rsquo;int\u00e9rieur comme \u00e0 l&rsquo;ext\u00e9rieur des salles de classe.  <\/p>\t\t\t\t\t\t\t\t<\/div>\n\t\t\t\t<\/div>\n\t\t\t\t<div class=\"elementor-element elementor-element-6b3d0b9 elementor-widget elementor-widget-heading\" data-id=\"6b3d0b9\" data-element_type=\"widget\" data-widget_type=\"heading.default\">\n\t\t\t\t<div class=\"elementor-widget-container\">\n\t\t\t\t\t<h3 class=\"elementor-heading-title elementor-size-default\">Niveaux d\u00e9butant \u00e0 avanc\u00e9<\/h3>\t\t\t\t<\/div>\n\t\t\t\t<\/div>\n\t\t\t\t<div class=\"elementor-element elementor-element-0bb3b2a elementor-widget elementor-widget-text-editor\" data-id=\"0bb3b2a\" data-element_type=\"widget\" data-widget_type=\"text-editor.default\">\n\t\t\t\t<div class=\"elementor-widget-container\">\n\t\t\t\t\t\t\t\t\t<p>Que vous partiez de z\u00e9ro ou que vous souhaitiez perfectionner votre espagnol, nous avons un cours pour vous. Il vous suffit de consulter notre catalogue de cours et de choisir celui qui correspond le mieux \u00e0 vos besoins.  <\/p>\t\t\t\t\t\t\t\t<\/div>\n\t\t\t\t<\/div>\n\t\t\t\t<div class=\"elementor-element elementor-element-57c1bd2 elementor-widget elementor-widget-heading\" data-id=\"57c1bd2\" data-element_type=\"widget\" data-widget_type=\"heading.default\">\n\t\t\t\t<div class=\"elementor-widget-container\">\n\t\t\t\t\t<h3 class=\"elementor-heading-title elementor-size-default\">Centre agr\u00e9\u00e9 \n<\/h3>\t\t\t\t<\/div>\n\t\t\t\t<\/div>\n\t\t\t\t<div class=\"elementor-element elementor-element-d961c2f elementor-widget elementor-widget-text-editor\" data-id=\"d961c2f\" data-element_type=\"widget\" data-widget_type=\"text-editor.default\">\n\t\t\t\t<div class=\"elementor-widget-container\">\n\t\t\t\t\t\t\t\t\t<p data-start=\"5103\" data-end=\"5204\">Nous b\u00e9n\u00e9ficions du <b>soutien d&rsquo;institutions officielles<\/b> qui garantissent la qualit\u00e9 de notre enseignement.<\/p>\t\t\t\t\t\t\t\t<\/div>\n\t\t\t\t<\/div>\n\t\t\t\t<div class=\"elementor-element elementor-element-8e44647 elementor-widget elementor-widget-heading\" data-id=\"8e44647\" data-element_type=\"widget\" data-widget_type=\"heading.default\">\n\t\t\t\t<div class=\"elementor-widget-container\">\n\t\t\t\t\t<h3 class=\"elementor-heading-title elementor-size-default\">Professeurs natifs et groupes r\u00e9duits<\/h3>\t\t\t\t<\/div>\n\t\t\t\t<\/div>\n\t\t\t\t<div class=\"elementor-element elementor-element-40df7c8 elementor-widget elementor-widget-text-editor\" data-id=\"40df7c8\" data-element_type=\"widget\" data-widget_type=\"text-editor.default\">\n\t\t\t\t<div class=\"elementor-widget-container\">\n\t\t\t\t\t\t\t\t\t<p>Tous nos enseignants sont natifs et travaillent en petits groupes afin d&rsquo;am\u00e9liorer l&rsquo;exp\u00e9rience des \u00e9l\u00e8ves. Gr\u00e2ce \u00e0 une approche proche et personnalis\u00e9e, chaque \u00e9l\u00e8ve se sentira accompagn\u00e9 \u00e0 tout moment.  <\/p>\t\t\t\t\t\t\t\t<\/div>\n\t\t\t\t<\/div>\n\t\t\t\t\t<\/div>\n\t\t\t\t<\/div>\n\t\t\t\t<\/div>\n\t\t","protected":false},"excerpt":{"rendered":"<p>L&rsquo;Espagne est l&rsquo;un des paradis pour les \u00e9tudiants qui postulent au programme Erasmus. Chaque ann\u00e9e, des milliers de personnes quittent leur foyer pour se lancer dans une petite aventure dans ce pays. Non seulement pour l&rsquo;excellente offre de formation qu&rsquo;il propose, mais aussi pour profiter de sa culture, de son climat et de ses habitants. [&hellip;]<\/p>\n","protected":false},"author":1,"featured_media":1673,"comment_status":"closed","ping_status":"open","sticky":false,"template":"","format":"standard","meta":{"footnotes":""},"categories":[38],"tags":[],"class_list":["post-1690","post","type-post","status-publish","format-standard","has-post-thumbnail","hentry","category-sans-categorie"],"_links":{"self":[{"href":"https:\/\/proyectoespanol.blog\/fr\/wp-json\/wp\/v2\/posts\/1690","targetHints":{"allow":["GET"]}}],"collection":[{"href":"https:\/\/proyectoespanol.blog\/fr\/wp-json\/wp\/v2\/posts"}],"about":[{"href":"https:\/\/proyectoespanol.blog\/fr\/wp-json\/wp\/v2\/types\/post"}],"author":[{"embeddable":true,"href":"https:\/\/proyectoespanol.blog\/fr\/wp-json\/wp\/v2\/users\/1"}],"replies":[{"embeddable":true,"href":"https:\/\/proyectoespanol.blog\/fr\/wp-json\/wp\/v2\/comments?post=1690"}],"version-history":[{"count":1,"href":"https:\/\/proyectoespanol.blog\/fr\/wp-json\/wp\/v2\/posts\/1690\/revisions"}],"predecessor-version":[{"id":1692,"href":"https:\/\/proyectoespanol.blog\/fr\/wp-json\/wp\/v2\/posts\/1690\/revisions\/1692"}],"wp:featuredmedia":[{"embeddable":true,"href":"https:\/\/proyectoespanol.blog\/fr\/wp-json\/wp\/v2\/media\/1673"}],"wp:attachment":[{"href":"https:\/\/proyectoespanol.blog\/fr\/wp-json\/wp\/v2\/media?parent=1690"}],"wp:term":[{"taxonomy":"category","embeddable":true,"href":"https:\/\/proyectoespanol.blog\/fr\/wp-json\/wp\/v2\/categories?post=1690"},{"taxonomy":"post_tag","embeddable":true,"href":"https:\/\/proyectoespanol.blog\/fr\/wp-json\/wp\/v2\/tags?post=1690"}],"curies":[{"name":"wp","href":"https:\/\/api.w.org\/{rel}","templated":true}]}}