{"id":1744,"date":"2025-11-03T15:45:17","date_gmt":"2025-11-03T14:45:17","guid":{"rendered":"https:\/\/proyectoespanol.blog\/?p=1744"},"modified":"2025-11-10T11:14:04","modified_gmt":"2025-11-10T10:14:04","slug":"centre-agree-par-institut-cervantes","status":"publish","type":"post","link":"https:\/\/proyectoespanol.blog\/fr\/centre-agree-par-institut-cervantes\/","title":{"rendered":"Centre agr\u00e9\u00e9 par l&rsquo;Institut Cervantes"},"content":{"rendered":"\t\t<div data-elementor-type=\"wp-post\" data-elementor-id=\"1744\" class=\"elementor elementor-1744 elementor-1742\" data-elementor-post-type=\"post\">\n\t\t\t\t<div class=\"elementor-element elementor-element-4f677f7 e-flex e-con-boxed e-con e-parent\" data-id=\"4f677f7\" data-element_type=\"container\">\n\t\t\t\t\t<div class=\"e-con-inner\">\n\t\t\t\t<div class=\"elementor-element elementor-element-cdd627f elementor-widget elementor-widget-text-editor\" data-id=\"cdd627f\" data-element_type=\"widget\" data-widget_type=\"text-editor.default\">\n\t\t\t\t<div class=\"elementor-widget-container\">\n\t\t\t\t\t\t\t\t\t<p>Lorsque nous ouvrons un livre pour apprendre une langue, nous ne trouvons pas seulement des lettres, nous plongeons \u00e9galement dans un<b>e nouvelle culture et ouvrons<\/b> une fen\u00eatre sur de nouvelles opportunit\u00e9s personnelles et professionnelles. C&rsquo;est pourquoi le choix de l&rsquo;\u00e9cole qui nous permettra d&rsquo;apprendre l&rsquo;espagnol marquera un avant et un apr\u00e8s dans notre formation. Chez Proyecto Espa\u00f1ol, nous sommes fiers d&rsquo;\u00eatre un centre accr\u00e9dit\u00e9 par l&rsquo;Institut Cervantes, une distinction qui garantit l&rsquo;excellence dans l&rsquo;enseignement des <a href=\"https:\/\/proyectoespanol.com\/fr\" target=\"_blank\" rel=\"noopener\"><strong>cours d&rsquo;espagnol en Espagne<\/strong><\/a> comme langue \u00e9trang\u00e8re.  <\/p><p>Plus de 24 millions de personnes \u00e9tudient l&rsquo;espagnol comme langue \u00e9trang\u00e8re, et la demande ne cesse d&rsquo;augmenter chaque ann\u00e9e, l&rsquo;Espagne \u00e9tant l&rsquo;une des principales destinations pour l&rsquo;apprendre. Vous voulez savoir ce que signifie \u00e9tudier dans un centre accr\u00e9dit\u00e9 par l&rsquo;Institut Cervantes ? Restez avec nous, Proyecto Espa\u00f1ol va vous l&rsquo;expliquer !  <\/p>\t\t\t\t\t\t\t\t<\/div>\n\t\t\t\t<\/div>\n\t\t\t\t<div class=\"elementor-element elementor-element-8b67ca0 elementor-widget elementor-widget-heading\" data-id=\"8b67ca0\" data-element_type=\"widget\" data-widget_type=\"heading.default\">\n\t\t\t\t<div class=\"elementor-widget-container\">\n\t\t\t\t\t<h2 class=\"elementor-heading-title elementor-size-default\">Que signifie \u00eatre un centre agr\u00e9\u00e9 par l'Institut Cervantes ?<\/h2>\t\t\t\t<\/div>\n\t\t\t\t<\/div>\n\t\t\t\t<div class=\"elementor-element elementor-element-db5c31b elementor-widget elementor-widget-text-editor\" data-id=\"db5c31b\" data-element_type=\"widget\" data-widget_type=\"text-editor.default\">\n\t\t\t\t<div class=\"elementor-widget-container\">\n\t\t\t\t\t\t\t\t\t<p>Le fait que nos <a href=\"https:\/\/proyectoespanol.com\/fr\/visa-etudiant-pour-lespagne\/\" target=\"_blank\" rel=\"noopener\"><strong>cours en Espagne pour l&rsquo;obtention d&rsquo;un visa \u00e9tudiant<\/strong><\/a> et les autres formations de Proyecto Espa\u00f1ol soient accr\u00e9dit\u00e9s par l&rsquo;Institut Cervantes signifie qu&rsquo;ils r\u00e9pondent aux normes de qualit\u00e9 les plus \u00e9lev\u00e9es en mati\u00e8re d&rsquo;enseignement de la langue comme langue \u00e9trang\u00e8re.<\/p><p>Cette accr\u00e9ditation garantit la formation de nos enseignants, la m\u00e9thodologie d&rsquo;enseignement de l&rsquo;espagnol et la gestion acad\u00e9mique, entre autres. Elle reconna\u00eet ainsi que le centre offre un enseignement efficace, moderne et adapt\u00e9 aux besoins r\u00e9els des \u00e9tudiants afin d&rsquo;assurer leur enti\u00e8re satisfaction.  <\/p>\t\t\t\t\t\t\t\t<\/div>\n\t\t\t\t<\/div>\n\t\t\t\t<div class=\"elementor-element elementor-element-f2d0ec0 elementor-widget elementor-widget-heading\" data-id=\"f2d0ec0\" data-element_type=\"widget\" data-widget_type=\"heading.default\">\n\t\t\t\t<div class=\"elementor-widget-container\">\n\t\t\t\t\t<h2 class=\"elementor-heading-title elementor-size-default\">Avantages d'\u00e9tudier l'espagnol dans un centre agr\u00e9\u00e9<\/h2>\t\t\t\t<\/div>\n\t\t\t\t<\/div>\n\t\t\t\t<div class=\"elementor-element elementor-element-11c4912 elementor-widget elementor-widget-text-editor\" data-id=\"11c4912\" data-element_type=\"widget\" data-widget_type=\"text-editor.default\">\n\t\t\t\t<div class=\"elementor-widget-container\">\n\t\t\t\t\t\t\t\t\t<p data-start=\"2230\" data-end=\"2530\">Lorsque vous choisissez un centre agr\u00e9\u00e9 par l&rsquo;Institut Cervantes, vous optez non seulement pour un enseignement de qualit\u00e9, mais aussi pour une exp\u00e9rience compl\u00e8te, s\u00fbre et enrichissante :<\/p>\t\t\t\t\t\t\t\t<\/div>\n\t\t\t\t<\/div>\n\t\t\t\t<div class=\"elementor-element elementor-element-fdd5ade elementor-widget elementor-widget-heading\" data-id=\"fdd5ade\" data-element_type=\"widget\" data-widget_type=\"heading.default\">\n\t\t\t\t<div class=\"elementor-widget-container\">\n\t\t\t\t\t<h3 class=\"elementor-heading-title elementor-size-default\">Garantie de qualit\u00e9<\/h3>\t\t\t\t<\/div>\n\t\t\t\t<\/div>\n\t\t\t\t<div class=\"elementor-element elementor-element-4705ee1 elementor-widget elementor-widget-text-editor\" data-id=\"4705ee1\" data-element_type=\"widget\" data-widget_type=\"text-editor.default\">\n\t\t\t\t<div class=\"elementor-widget-container\">\n\t\t\t\t\t\t\t\t\t<p data-start=\"2230\" data-end=\"2530\">Afin de garantir que tous les centres agr\u00e9\u00e9s respectent les normes fix\u00e9es par l&rsquo;Institut Cervantes, des \u00e9valuations p\u00e9riodiques sont r\u00e9alis\u00e9es afin de maintenir un environnement contr\u00f4l\u00e9, professionnel et ax\u00e9 sur l&rsquo;am\u00e9lioration continue. <\/p>\t\t\t\t\t\t\t\t<\/div>\n\t\t\t\t<\/div>\n\t\t\t\t<div class=\"elementor-element elementor-element-030d77e elementor-widget elementor-widget-heading\" data-id=\"030d77e\" data-element_type=\"widget\" data-widget_type=\"heading.default\">\n\t\t\t\t<div class=\"elementor-widget-container\">\n\t\t\t\t\t<h3 class=\"elementor-heading-title elementor-size-default\">Excellence \u00e9ducative<\/h3>\t\t\t\t<\/div>\n\t\t\t\t<\/div>\n\t\t\t\t<div class=\"elementor-element elementor-element-d8ef1b0 elementor-widget elementor-widget-text-editor\" data-id=\"d8ef1b0\" data-element_type=\"widget\" data-widget_type=\"text-editor.default\">\n\t\t\t\t<div class=\"elementor-widget-container\">\n\t\t\t\t\t\t\t\t\t<p data-start=\"2230\" data-end=\"2530\">Les programmes d&rsquo;\u00e9tudes sont con\u00e7us selon les niveaux du <strong>Cadre europ\u00e9en commun de r\u00e9f\u00e9rence pour les langues<\/strong> (CECR), ce qui garantit une progression coh\u00e9rente et des r\u00e9sultats mesurables dans l&rsquo;apprentissage.<\/p>\t\t\t\t\t\t\t\t<\/div>\n\t\t\t\t<\/div>\n\t\t\t\t<div class=\"elementor-element elementor-element-a3374c3 elementor-widget elementor-widget-heading\" data-id=\"a3374c3\" data-element_type=\"widget\" data-widget_type=\"heading.default\">\n\t\t\t\t<div class=\"elementor-widget-container\">\n\t\t\t\t\t<h3 class=\"elementor-heading-title elementor-size-default\">Professeurs qualifi\u00e9s <\/h3>\t\t\t\t<\/div>\n\t\t\t\t<\/div>\n\t\t\t\t<div class=\"elementor-element elementor-element-776810b elementor-widget elementor-widget-text-editor\" data-id=\"776810b\" data-element_type=\"widget\" data-widget_type=\"text-editor.default\">\n\t\t\t\t<div class=\"elementor-widget-container\">\n\t\t\t\t\t\t\t\t\t<p data-start=\"2230\" data-end=\"2530\">Lorsque vous \u00e9tudiez dans un centre agr\u00e9\u00e9, vous avez la garantie d&rsquo;\u00eatre encadr\u00e9 par les meilleurs professeurs natifs espagnols. De plus, toute l&rsquo;\u00e9quipe participe r\u00e9guli\u00e8rement \u00e0 des programmes de mise \u00e0 jour p\u00e9dagogique.  <\/p>\t\t\t\t\t\t\t\t<\/div>\n\t\t\t\t<\/div>\n\t\t\t\t<div class=\"elementor-element elementor-element-f9026bd elementor-widget elementor-widget-heading\" data-id=\"f9026bd\" data-element_type=\"widget\" data-widget_type=\"heading.default\">\n\t\t\t\t<div class=\"elementor-widget-container\">\n\t\t\t\t\t<h3 class=\"elementor-heading-title elementor-size-default\">M\u00e9thodologie actualis\u00e9e<\/h3>\t\t\t\t<\/div>\n\t\t\t\t<\/div>\n\t\t\t\t<div class=\"elementor-element elementor-element-8f6f3f5 elementor-widget elementor-widget-text-editor\" data-id=\"8f6f3f5\" data-element_type=\"widget\" data-widget_type=\"text-editor.default\">\n\t\t\t\t<div class=\"elementor-widget-container\">\n\t\t\t\t\t\t\t\t\t<p data-start=\"2230\" data-end=\"2530\">L&rsquo;enseignement \u00e9volue au fil des ans. De nouveaux supports et de nouvelles techniques d&rsquo;enseignement apparaissent. C&rsquo;est pourquoi Proyecto Espa\u00f1ol est mis \u00e0 jour afin que vous puissiez interagir avec la langue et apprendre son utilisation r\u00e9elle tant \u00e0 l&rsquo;int\u00e9rieur qu&rsquo;\u00e0 l&rsquo;ext\u00e9rieur de la salle de classe.   <\/p>\t\t\t\t\t\t\t\t<\/div>\n\t\t\t\t<\/div>\n\t\t\t\t<div class=\"elementor-element elementor-element-3488ac6 elementor-widget elementor-widget-heading\" data-id=\"3488ac6\" data-element_type=\"widget\" data-widget_type=\"heading.default\">\n\t\t\t\t<div class=\"elementor-widget-container\">\n\t\t\t\t\t<h3 class=\"elementor-heading-title elementor-size-default\">Certificats reconnus \u00e0 l'\u00e9chelle mondiale<\/h3>\t\t\t\t<\/div>\n\t\t\t\t<\/div>\n\t\t\t\t<div class=\"elementor-element elementor-element-bc0cb58 elementor-widget elementor-widget-text-editor\" data-id=\"bc0cb58\" data-element_type=\"widget\" data-widget_type=\"text-editor.default\">\n\t\t\t\t<div class=\"elementor-widget-container\">\n\t\t\t\t\t\t\t\t\t<p data-start=\"2230\" data-end=\"2530\">Les certificats d\u00e9livr\u00e9s par les centres agr\u00e9\u00e9s sont reconnus \u00e0 l&rsquo;\u00e9chelle internationale et appr\u00e9ci\u00e9s par les universit\u00e9s, les institutions et les entreprises. De plus, les \u00e9tudiants peuvent se pr\u00e9parer aux <b>examens DELE et SIELE<\/b>, g\u00e9r\u00e9s par l&rsquo;Institut Cervantes. <\/p>\t\t\t\t\t\t\t\t<\/div>\n\t\t\t\t<\/div>\n\t\t\t\t<div class=\"elementor-element elementor-element-b71ad7d elementor-widget elementor-widget-heading\" data-id=\"b71ad7d\" data-element_type=\"widget\" data-widget_type=\"heading.default\">\n\t\t\t\t<div class=\"elementor-widget-container\">\n\t\t\t\t\t<h2 class=\"elementor-heading-title elementor-size-default\">Qu'est-ce qui diff\u00e9rencie un centre agr\u00e9\u00e9 des autres ?<\/h2>\t\t\t\t<\/div>\n\t\t\t\t<\/div>\n\t\t\t\t<div class=\"elementor-element elementor-element-dfd20ac elementor-widget elementor-widget-text-editor\" data-id=\"dfd20ac\" data-element_type=\"widget\" data-widget_type=\"text-editor.default\">\n\t\t\t\t<div class=\"elementor-widget-container\">\n\t\t\t\t\t\t\t\t\t<p>Tous les centres d&rsquo;enseignement de l&rsquo;espagnol n&rsquo;offrent pas les m\u00eames garanties. Les centres agr\u00e9\u00e9s se distinguent par leur engagement en faveur de la qualit\u00e9 et de l&rsquo;attention personnalis\u00e9e accord\u00e9e \u00e0 chaque \u00e9l\u00e8ve. <\/p>\t\t\t\t\t\t\t\t<\/div>\n\t\t\t\t<\/div>\n\t\t\t\t<div class=\"elementor-element elementor-element-056da30 elementor-widget elementor-widget-heading\" data-id=\"056da30\" data-element_type=\"widget\" data-widget_type=\"heading.default\">\n\t\t\t\t<div class=\"elementor-widget-container\">\n\t\t\t\t\t<h3 class=\"elementor-heading-title elementor-size-default\">Attention personnalis\u00e9e \u00e0 l'\u00e9tudiant<\/h3>\t\t\t\t<\/div>\n\t\t\t\t<\/div>\n\t\t\t\t<div class=\"elementor-element elementor-element-d342f5e elementor-widget elementor-widget-text-editor\" data-id=\"d342f5e\" data-element_type=\"widget\" data-widget_type=\"text-editor.default\">\n\t\t\t\t<div class=\"elementor-widget-container\">\n\t\t\t\t\t\t\t\t\t<p>L&rsquo;un des points forts de Proyecto Espa\u00f1ol est que chaque \u00e9tudiant b\u00e9n\u00e9ficie d&rsquo;un accompagnement d\u00e8s son arriv\u00e9e \u00e0 l&rsquo;a\u00e9roport. Notre personnel vous conseille tant sur le plan acad\u00e9mique que pour vous int\u00e9grer dans votre quotidien dans les rues espagnoles.  <\/p>\t\t\t\t\t\t\t\t<\/div>\n\t\t\t\t<\/div>\n\t\t\t\t<div class=\"elementor-element elementor-element-fb66497 elementor-widget elementor-widget-heading\" data-id=\"fb66497\" data-element_type=\"widget\" data-widget_type=\"heading.default\">\n\t\t\t\t<div class=\"elementor-widget-container\">\n\t\t\t\t\t<h3 class=\"elementor-heading-title elementor-size-default\">\u00c9valuation continue et r\u00e9sultats mesurables<\/h3>\t\t\t\t<\/div>\n\t\t\t\t<\/div>\n\t\t\t\t<div class=\"elementor-element elementor-element-b4c2672 elementor-widget elementor-widget-text-editor\" data-id=\"b4c2672\" data-element_type=\"widget\" data-widget_type=\"text-editor.default\">\n\t\t\t\t<div class=\"elementor-widget-container\">\n\t\t\t\t\t\t\t\t\t<p>Les centres agr\u00e9\u00e9s suivent une m\u00e9thode d&rsquo;\u00e9valuation continue pour mesurer les progr\u00e8s de nos \u00e9l\u00e8ves, en adaptant le contenu si n\u00e9cessaire et en modifiant les m\u00e9thodologies afin de mieux r\u00e9pondre \u00e0 leurs besoins. <\/p>\t\t\t\t\t\t\t\t<\/div>\n\t\t\t\t<\/div>\n\t\t\t\t<div class=\"elementor-element elementor-element-ea2d644 elementor-widget elementor-widget-heading\" data-id=\"ea2d644\" data-element_type=\"widget\" data-widget_type=\"heading.default\">\n\t\t\t\t<div class=\"elementor-widget-container\">\n\t\t\t\t\t<h3 class=\"elementor-heading-title elementor-size-default\">Activit\u00e9s culturelles et d'int\u00e9gration<\/h3>\t\t\t\t<\/div>\n\t\t\t\t<\/div>\n\t\t\t\t<div class=\"elementor-element elementor-element-2e056b7 elementor-widget elementor-widget-text-editor\" data-id=\"2e056b7\" data-element_type=\"widget\" data-widget_type=\"text-editor.default\">\n\t\t\t\t<div class=\"elementor-widget-container\">\n\t\t\t\t\t\t\t\t\t<p>Avec Proyecto Espa\u00f1ol, vous n&rsquo;apprendrez pas seulement l&rsquo;espagnol en classe, mais aussi en dehors. Gr\u00e2ce \u00e0 notre programme d&rsquo;investissement culturel \u00e0 travers des excursions ou des ateliers, vous consoliderez vos connaissances de la langue dans des contextes r\u00e9els.  <\/p>\t\t\t\t\t\t\t\t<\/div>\n\t\t\t\t<\/div>\n\t\t\t\t<div class=\"elementor-element elementor-element-abcc2e0 elementor-widget elementor-widget-heading\" data-id=\"abcc2e0\" data-element_type=\"widget\" data-widget_type=\"heading.default\">\n\t\t\t\t<div class=\"elementor-widget-container\">\n\t\t\t\t\t<h2 class=\"elementor-heading-title elementor-size-default\">Engagement de Proyecto Espa\u00f1ol envers la qualit\u00e9<\/h2>\t\t\t\t<\/div>\n\t\t\t\t<\/div>\n\t\t\t\t<div class=\"elementor-element elementor-element-0406a1b elementor-widget elementor-widget-text-editor\" data-id=\"0406a1b\" data-element_type=\"widget\" data-widget_type=\"text-editor.default\">\n\t\t\t\t<div class=\"elementor-widget-container\">\n\t\t\t\t\t\t\t\t\t<p>Chez Proyecto Espa\u00f1ol, nous travaillons chaque jour pour offrir un enseignement de l&rsquo;espagnol alliant <strong>professionnalisme, proximit\u00e9 et r\u00e9sultats<\/strong>. Notre accr\u00e9ditation par l&rsquo;Institut Cervantes refl\u00e8te notre engagement constant en faveur de l&rsquo;am\u00e9lioration de l&rsquo;enseignement et de la satisfaction des \u00e9tudiants. Nous consid\u00e9rons l&rsquo;enseignement de l&rsquo;espagnol comme une exp\u00e9rience globale qui allie apprentissage, culture et convivialit\u00e9.  <\/p>\t\t\t\t\t\t\t\t<\/div>\n\t\t\t\t<\/div>\n\t\t\t\t<div class=\"elementor-element elementor-element-8a9bfb4 elementor-widget elementor-widget-heading\" data-id=\"8a9bfb4\" data-element_type=\"widget\" data-widget_type=\"heading.default\">\n\t\t\t\t<div class=\"elementor-widget-container\">\n\t\t\t\t\t<h2 class=\"elementor-heading-title elementor-size-default\">Centres agr\u00e9\u00e9s du Projet Espagnol en Espagne <\/h2>\t\t\t\t<\/div>\n\t\t\t\t<\/div>\n\t\t\t\t<div class=\"elementor-element elementor-element-2377183 elementor-widget elementor-widget-text-editor\" data-id=\"2377183\" data-element_type=\"widget\" data-widget_type=\"text-editor.default\">\n\t\t\t\t<div class=\"elementor-widget-container\">\n\t\t\t\t\t\t\t\t\t<p>Proyecto Espa\u00f1ol dispose d&rsquo;\u00e9coles agr\u00e9\u00e9es dans quatre des plus grandes villes d&rsquo;Espagne : Alicante, Grenade, Madrid et Barcelone. <\/p><p>Chacune d&rsquo;entre elles offre un environnement accueillant, multiculturel et dynamique, o\u00f9 les \u00e9tudiants peuvent apprendre l&rsquo;espagnol tout en d\u00e9couvrant la richesse culturelle et la vie quotidienne de ces villes. <\/p><p>Des villes diff\u00e9rentes, mais avec un m\u00eame objectif : garantir une exp\u00e9rience \u00e9ducative de la plus haute qualit\u00e9.<\/p>\t\t\t\t\t\t\t\t<\/div>\n\t\t\t\t<\/div>\n\t\t\t\t\t<\/div>\n\t\t\t\t<\/div>\n\t\t\t\t<\/div>\n\t\t","protected":false},"excerpt":{"rendered":"<p>Lorsque nous ouvrons un livre pour apprendre une langue, nous ne trouvons pas seulement des lettres, nous plongeons \u00e9galement dans une nouvelle culture et ouvrons une fen\u00eatre sur de nouvelles opportunit\u00e9s personnelles et professionnelles. C&rsquo;est pourquoi le choix de l&rsquo;\u00e9cole qui nous permettra d&rsquo;apprendre l&rsquo;espagnol marquera un avant et un apr\u00e8s dans notre formation. Chez [&hellip;]<\/p>\n","protected":false},"author":1,"featured_media":1750,"comment_status":"closed","ping_status":"open","sticky":false,"template":"","format":"standard","meta":{"footnotes":""},"categories":[38],"tags":[],"class_list":["post-1744","post","type-post","status-publish","format-standard","has-post-thumbnail","hentry","category-sans-categorie"],"_links":{"self":[{"href":"https:\/\/proyectoespanol.blog\/fr\/wp-json\/wp\/v2\/posts\/1744","targetHints":{"allow":["GET"]}}],"collection":[{"href":"https:\/\/proyectoespanol.blog\/fr\/wp-json\/wp\/v2\/posts"}],"about":[{"href":"https:\/\/proyectoespanol.blog\/fr\/wp-json\/wp\/v2\/types\/post"}],"author":[{"embeddable":true,"href":"https:\/\/proyectoespanol.blog\/fr\/wp-json\/wp\/v2\/users\/1"}],"replies":[{"embeddable":true,"href":"https:\/\/proyectoespanol.blog\/fr\/wp-json\/wp\/v2\/comments?post=1744"}],"version-history":[{"count":4,"href":"https:\/\/proyectoespanol.blog\/fr\/wp-json\/wp\/v2\/posts\/1744\/revisions"}],"predecessor-version":[{"id":1762,"href":"https:\/\/proyectoespanol.blog\/fr\/wp-json\/wp\/v2\/posts\/1744\/revisions\/1762"}],"wp:featuredmedia":[{"embeddable":true,"href":"https:\/\/proyectoespanol.blog\/fr\/wp-json\/wp\/v2\/media\/1750"}],"wp:attachment":[{"href":"https:\/\/proyectoespanol.blog\/fr\/wp-json\/wp\/v2\/media?parent=1744"}],"wp:term":[{"taxonomy":"category","embeddable":true,"href":"https:\/\/proyectoespanol.blog\/fr\/wp-json\/wp\/v2\/categories?post=1744"},{"taxonomy":"post_tag","embeddable":true,"href":"https:\/\/proyectoespanol.blog\/fr\/wp-json\/wp\/v2\/tags?post=1744"}],"curies":[{"name":"wp","href":"https:\/\/api.w.org\/{rel}","templated":true}]}}